{"id":4827,"date":"2024-09-12T09:00:54","date_gmt":"2024-09-12T09:00:54","guid":{"rendered":"https:\/\/www.eventlounge.be\/?p=4827"},"modified":"2025-01-24T08:07:13","modified_gmt":"2025-01-24T08:07:13","slug":"30ans-de-bruxelles-formation-a-event-lounge","status":"publish","type":"post","link":"https:\/\/www.eventlounge.be\/fr\/30ans-de-bruxelles-formation-a-event-lounge\/","title":{"rendered":"30ans de Bruxelles Formation \u00e0 Event Lounge"},"content":{"rendered":"<p>Bruxelles Formation est bien connu du groupe Venue, ayant d\u00e9j\u00e0 organis\u00e9 ses f\u00eates annuelles du personnel \u00e0 The EGG en 2017 et 2018. Forts de cette exp\u00e9rience positive, c&rsquo;est tout naturellement qu&rsquo;ils ont choisi l&rsquo;Event Lounge pour c\u00e9l\u00e9brer leur 30e anniversaire.<!--more--><\/p>\n<p><img decoding=\"async\" class=\"alignnone size-full wp-image-4823\" src=\"https:\/\/www.eventlounge.be\/wp-content\/uploads\/2024\/09\/30ans-192-jpg.webp\" alt=\"\" \/><\/p>\n<p>Depuis sa cr\u00e9ation, Bruxelles Formation a jou\u00e9 un r\u00f4le cl\u00e9 dans la formation professionnelle des adultes de la R\u00e9gion de Bruxelles-Capitale, en accompagnant les chercheurs d&#8217;emploi dans l&rsquo;acquisition de comp\u00e9tences adapt\u00e9es aux exigences du march\u00e9 du travail.<\/p>\n<p>\u00c0 l&rsquo;occasion de ses 30 ans, plus de 700 participants se sont r\u00e9unis \u00e0 Schaerbeek pour profiter du soleil de juin sur la nouvelle terrasse de l&rsquo;Event Lounge. La Belgique ne serait pas la Belgique sans ses caprices m\u00e9t\u00e9orologiques, mais heureusement, l&rsquo;Event Lounge avait plus d&rsquo;une astuce en r\u00e9serve ! Gr\u00e2ce \u00e0 ses 2 500 m\u00b2 d&rsquo;espaces int\u00e9rieurs, la f\u00eate a pu se poursuivre sans interruption.<\/p>\n<p>Flexibilit\u00e9 et inventivit\u00e9, c&rsquo;est dans notre ADN, non peut-\u00eatre ?<\/p>\n","protected":false},"excerpt":{"rendered":"Bruxelles Formation est bien connu du groupe Venue, ayant d\u00e9j\u00e0 organis\u00e9 ses f\u00eates annuelles du personnel \u00e0 The EGG en 2017 et 2018. Forts de cette exp\u00e9rience positive, c&rsquo;est tout naturellement qu&rsquo;ils ont choisi l&rsquo;Event Lounge pour c\u00e9l\u00e9brer leur 30e anniversaire.","protected":false},"author":5,"featured_media":4823,"comment_status":"closed","ping_status":"closed","sticky":false,"template":"","format":"standard","meta":{"_acf_changed":false,"footnotes":""},"categories":[13],"tags":[],"class_list":["post-4827","post","type-post","status-publish","format-standard","has-post-thumbnail","hentry","category-evenements"],"acf":[],"yoast_head":"<!-- This site is optimized with the Yoast SEO plugin v26.9 - https:\/\/yoast.com\/product\/yoast-seo-wordpress\/ -->\n<title>30ans de Bruxelles Formation \u00e0 Event Lounge - Eventlounge<\/title>\n<meta name=\"robots\" content=\"index, follow, max-snippet:-1, max-image-preview:large, max-video-preview:-1\" \/>\n<link rel=\"canonical\" href=\"https:\/\/www.eventlounge.be\/fr\/30ans-de-bruxelles-formation-a-event-lounge\/\" \/>\n<meta property=\"og:locale\" content=\"fr_FR\" \/>\n<meta property=\"og:type\" content=\"article\" \/>\n<meta property=\"og:title\" content=\"30ans de Bruxelles Formation \u00e0 Event Lounge - Eventlounge\" \/>\n<meta property=\"og:description\" content=\"Bruxelles Formation est bien connu du groupe Venue, ayant d\u00e9j\u00e0 organis\u00e9 ses f\u00eates annuelles du personnel \u00e0 The EGG en 2017 et 2018. Forts de cette exp\u00e9rience positive, c&rsquo;est tout naturellement qu&rsquo;ils ont choisi l&rsquo;Event Lounge pour c\u00e9l\u00e9brer leur 30e anniversaire.\" \/>\n<meta property=\"og:url\" content=\"https:\/\/www.eventlounge.be\/fr\/30ans-de-bruxelles-formation-a-event-lounge\/\" \/>\n<meta property=\"og:site_name\" content=\"Eventlounge\" \/>\n<meta property=\"article:publisher\" content=\"https:\/\/www.facebook.com\/EventLoungeBEL\/\" \/>\n<meta property=\"article:published_time\" content=\"2024-09-12T09:00:54+00:00\" \/>\n<meta property=\"article:modified_time\" content=\"2025-01-24T08:07:13+00:00\" \/>\n<meta property=\"og:image\" content=\"https:\/\/www.eventlounge.be\/wp-content\/uploads\/2024\/09\/30ans-192-jpg-e1737706025160.webp\" \/>\n\t<meta property=\"og:image:width\" content=\"1022\" \/>\n\t<meta property=\"og:image:height\" content=\"680\" \/>\n\t<meta property=\"og:image:type\" content=\"image\/jpeg\" \/>\n<meta name=\"author\" content=\"andreea\" \/>\n<meta name=\"twitter:card\" content=\"summary_large_image\" \/>\n<meta name=\"twitter:label1\" content=\"\u00c9crit par\" \/>\n\t<meta name=\"twitter:data1\" content=\"andreea\" \/>\n\t<meta name=\"twitter:label2\" content=\"Dur\u00e9e de lecture estim\u00e9e\" \/>\n\t<meta name=\"twitter:data2\" content=\"1 minute\" \/>\n<script type=\"application\/ld+json\" class=\"yoast-schema-graph\">{\"@context\":\"https:\/\/schema.org\",\"@graph\":[{\"@type\":\"Article\",\"@id\":\"https:\/\/www.eventlounge.be\/fr\/30ans-de-bruxelles-formation-a-event-lounge\/#article\",\"isPartOf\":{\"@id\":\"https:\/\/www.eventlounge.be\/fr\/30ans-de-bruxelles-formation-a-event-lounge\/\"},\"author\":{\"name\":\"andreea\",\"@id\":\"https:\/\/www.eventlounge.be\/nl\/#\/schema\/person\/2ad8c9b69076cd330a9993873e038262\"},\"headline\":\"30ans de Bruxelles Formation \u00e0 Event Lounge\",\"datePublished\":\"2024-09-12T09:00:54+00:00\",\"dateModified\":\"2025-01-24T08:07:13+00:00\",\"mainEntityOfPage\":{\"@id\":\"https:\/\/www.eventlounge.be\/fr\/30ans-de-bruxelles-formation-a-event-lounge\/\"},\"wordCount\":177,\"publisher\":{\"@id\":\"https:\/\/www.eventlounge.be\/nl\/#organization\"},\"image\":{\"@id\":\"https:\/\/www.eventlounge.be\/fr\/30ans-de-bruxelles-formation-a-event-lounge\/#primaryimage\"},\"thumbnailUrl\":\"https:\/\/www.eventlounge.be\/wp-content\/uploads\/2024\/09\/30ans-192-jpg-e1737706025160.webp\",\"articleSection\":[\"\u00c9v\u00e9nements\"],\"inLanguage\":\"fr-FR\"},{\"@type\":\"WebPage\",\"@id\":\"https:\/\/www.eventlounge.be\/fr\/30ans-de-bruxelles-formation-a-event-lounge\/\",\"url\":\"https:\/\/www.eventlounge.be\/fr\/30ans-de-bruxelles-formation-a-event-lounge\/\",\"name\":\"30ans de Bruxelles Formation \u00e0 Event Lounge - Eventlounge\",\"isPartOf\":{\"@id\":\"https:\/\/www.eventlounge.be\/nl\/#website\"},\"primaryImageOfPage\":{\"@id\":\"https:\/\/www.eventlounge.be\/fr\/30ans-de-bruxelles-formation-a-event-lounge\/#primaryimage\"},\"image\":{\"@id\":\"https:\/\/www.eventlounge.be\/fr\/30ans-de-bruxelles-formation-a-event-lounge\/#primaryimage\"},\"thumbnailUrl\":\"https:\/\/www.eventlounge.be\/wp-content\/uploads\/2024\/09\/30ans-192-jpg-e1737706025160.webp\",\"datePublished\":\"2024-09-12T09:00:54+00:00\",\"dateModified\":\"2025-01-24T08:07:13+00:00\",\"breadcrumb\":{\"@id\":\"https:\/\/www.eventlounge.be\/fr\/30ans-de-bruxelles-formation-a-event-lounge\/#breadcrumb\"},\"inLanguage\":\"fr-FR\",\"potentialAction\":[{\"@type\":\"ReadAction\",\"target\":[\"https:\/\/www.eventlounge.be\/fr\/30ans-de-bruxelles-formation-a-event-lounge\/\"]}]},{\"@type\":\"ImageObject\",\"inLanguage\":\"fr-FR\",\"@id\":\"https:\/\/www.eventlounge.be\/fr\/30ans-de-bruxelles-formation-a-event-lounge\/#primaryimage\",\"url\":\"https:\/\/www.eventlounge.be\/wp-content\/uploads\/2024\/09\/30ans-192-jpg-e1737706025160.webp\",\"contentUrl\":\"https:\/\/www.eventlounge.be\/wp-content\/uploads\/2024\/09\/30ans-192-jpg-e1737706025160.webp\",\"width\":1022,\"height\":680},{\"@type\":\"BreadcrumbList\",\"@id\":\"https:\/\/www.eventlounge.be\/fr\/30ans-de-bruxelles-formation-a-event-lounge\/#breadcrumb\",\"itemListElement\":[{\"@type\":\"ListItem\",\"position\":1,\"name\":\"Home\",\"item\":\"https:\/\/www.eventlounge.be\/fr\/\"},{\"@type\":\"ListItem\",\"position\":2,\"name\":\"30ans de Bruxelles Formation \u00e0 Event Lounge\"}]},{\"@type\":\"WebSite\",\"@id\":\"https:\/\/www.eventlounge.be\/nl\/#website\",\"url\":\"https:\/\/www.eventlounge.be\/nl\/\",\"name\":\"Eventlounge\",\"description\":\"\",\"publisher\":{\"@id\":\"https:\/\/www.eventlounge.be\/nl\/#organization\"},\"potentialAction\":[{\"@type\":\"SearchAction\",\"target\":{\"@type\":\"EntryPoint\",\"urlTemplate\":\"https:\/\/www.eventlounge.be\/nl\/?s={search_term_string}\"},\"query-input\":{\"@type\":\"PropertyValueSpecification\",\"valueRequired\":true,\"valueName\":\"search_term_string\"}}],\"inLanguage\":\"fr-FR\"},{\"@type\":\"Organization\",\"@id\":\"https:\/\/www.eventlounge.be\/nl\/#organization\",\"name\":\"Eventlounge\",\"url\":\"https:\/\/www.eventlounge.be\/nl\/\",\"logo\":{\"@type\":\"ImageObject\",\"inLanguage\":\"fr-FR\",\"@id\":\"https:\/\/www.eventlounge.be\/nl\/#\/schema\/logo\/image\/\",\"url\":\"https:\/\/www.eventlounge.be\/wp-content\/uploads\/2023\/12\/EVENTLOUNGE.png\",\"contentUrl\":\"https:\/\/www.eventlounge.be\/wp-content\/uploads\/2023\/12\/EVENTLOUNGE.png\",\"width\":557,\"height\":441,\"caption\":\"Eventlounge\"},\"image\":{\"@id\":\"https:\/\/www.eventlounge.be\/nl\/#\/schema\/logo\/image\/\"},\"sameAs\":[\"https:\/\/www.facebook.com\/EventLoungeBEL\/\",\"https:\/\/www.instagram.com\/eventloungebrussels\/\",\"https:\/\/www.linkedin.com\/company\/the-event-lounge\/\"]},{\"@type\":\"Person\",\"@id\":\"https:\/\/www.eventlounge.be\/nl\/#\/schema\/person\/2ad8c9b69076cd330a9993873e038262\",\"name\":\"andreea\",\"url\":\"https:\/\/www.eventlounge.be\/fr\/author\/andreea\/\"}]}<\/script>\n<!-- \/ Yoast SEO plugin. -->","yoast_head_json":{"title":"30ans de Bruxelles Formation \u00e0 Event Lounge - Eventlounge","robots":{"index":"index","follow":"follow","max-snippet":"max-snippet:-1","max-image-preview":"max-image-preview:large","max-video-preview":"max-video-preview:-1"},"canonical":"https:\/\/www.eventlounge.be\/fr\/30ans-de-bruxelles-formation-a-event-lounge\/","og_locale":"fr_FR","og_type":"article","og_title":"30ans de Bruxelles Formation \u00e0 Event Lounge - Eventlounge","og_description":"Bruxelles Formation est bien connu du groupe Venue, ayant d\u00e9j\u00e0 organis\u00e9 ses f\u00eates annuelles du personnel \u00e0 The EGG en 2017 et 2018. Forts de cette exp\u00e9rience positive, c&rsquo;est tout naturellement qu&rsquo;ils ont choisi l&rsquo;Event Lounge pour c\u00e9l\u00e9brer leur 30e anniversaire.","og_url":"https:\/\/www.eventlounge.be\/fr\/30ans-de-bruxelles-formation-a-event-lounge\/","og_site_name":"Eventlounge","article_publisher":"https:\/\/www.facebook.com\/EventLoungeBEL\/","article_published_time":"2024-09-12T09:00:54+00:00","article_modified_time":"2025-01-24T08:07:13+00:00","og_image":[{"width":1022,"height":680,"url":"https:\/\/www.eventlounge.be\/wp-content\/uploads\/2024\/09\/30ans-192-jpg-e1737706025160.webp","type":"image\/jpeg"}],"author":"andreea","twitter_card":"summary_large_image","twitter_misc":{"\u00c9crit par":"andreea","Dur\u00e9e de lecture estim\u00e9e":"1 minute"},"schema":{"@context":"https:\/\/schema.org","@graph":[{"@type":"Article","@id":"https:\/\/www.eventlounge.be\/fr\/30ans-de-bruxelles-formation-a-event-lounge\/#article","isPartOf":{"@id":"https:\/\/www.eventlounge.be\/fr\/30ans-de-bruxelles-formation-a-event-lounge\/"},"author":{"name":"andreea","@id":"https:\/\/www.eventlounge.be\/nl\/#\/schema\/person\/2ad8c9b69076cd330a9993873e038262"},"headline":"30ans de Bruxelles Formation \u00e0 Event Lounge","datePublished":"2024-09-12T09:00:54+00:00","dateModified":"2025-01-24T08:07:13+00:00","mainEntityOfPage":{"@id":"https:\/\/www.eventlounge.be\/fr\/30ans-de-bruxelles-formation-a-event-lounge\/"},"wordCount":177,"publisher":{"@id":"https:\/\/www.eventlounge.be\/nl\/#organization"},"image":{"@id":"https:\/\/www.eventlounge.be\/fr\/30ans-de-bruxelles-formation-a-event-lounge\/#primaryimage"},"thumbnailUrl":"https:\/\/www.eventlounge.be\/wp-content\/uploads\/2024\/09\/30ans-192-jpg-e1737706025160.webp","articleSection":["\u00c9v\u00e9nements"],"inLanguage":"fr-FR"},{"@type":"WebPage","@id":"https:\/\/www.eventlounge.be\/fr\/30ans-de-bruxelles-formation-a-event-lounge\/","url":"https:\/\/www.eventlounge.be\/fr\/30ans-de-bruxelles-formation-a-event-lounge\/","name":"30ans de Bruxelles Formation \u00e0 Event Lounge - Eventlounge","isPartOf":{"@id":"https:\/\/www.eventlounge.be\/nl\/#website"},"primaryImageOfPage":{"@id":"https:\/\/www.eventlounge.be\/fr\/30ans-de-bruxelles-formation-a-event-lounge\/#primaryimage"},"image":{"@id":"https:\/\/www.eventlounge.be\/fr\/30ans-de-bruxelles-formation-a-event-lounge\/#primaryimage"},"thumbnailUrl":"https:\/\/www.eventlounge.be\/wp-content\/uploads\/2024\/09\/30ans-192-jpg-e1737706025160.webp","datePublished":"2024-09-12T09:00:54+00:00","dateModified":"2025-01-24T08:07:13+00:00","breadcrumb":{"@id":"https:\/\/www.eventlounge.be\/fr\/30ans-de-bruxelles-formation-a-event-lounge\/#breadcrumb"},"inLanguage":"fr-FR","potentialAction":[{"@type":"ReadAction","target":["https:\/\/www.eventlounge.be\/fr\/30ans-de-bruxelles-formation-a-event-lounge\/"]}]},{"@type":"ImageObject","inLanguage":"fr-FR","@id":"https:\/\/www.eventlounge.be\/fr\/30ans-de-bruxelles-formation-a-event-lounge\/#primaryimage","url":"https:\/\/www.eventlounge.be\/wp-content\/uploads\/2024\/09\/30ans-192-jpg-e1737706025160.webp","contentUrl":"https:\/\/www.eventlounge.be\/wp-content\/uploads\/2024\/09\/30ans-192-jpg-e1737706025160.webp","width":1022,"height":680},{"@type":"BreadcrumbList","@id":"https:\/\/www.eventlounge.be\/fr\/30ans-de-bruxelles-formation-a-event-lounge\/#breadcrumb","itemListElement":[{"@type":"ListItem","position":1,"name":"Home","item":"https:\/\/www.eventlounge.be\/fr\/"},{"@type":"ListItem","position":2,"name":"30ans de Bruxelles Formation \u00e0 Event Lounge"}]},{"@type":"WebSite","@id":"https:\/\/www.eventlounge.be\/nl\/#website","url":"https:\/\/www.eventlounge.be\/nl\/","name":"Eventlounge","description":"","publisher":{"@id":"https:\/\/www.eventlounge.be\/nl\/#organization"},"potentialAction":[{"@type":"SearchAction","target":{"@type":"EntryPoint","urlTemplate":"https:\/\/www.eventlounge.be\/nl\/?s={search_term_string}"},"query-input":{"@type":"PropertyValueSpecification","valueRequired":true,"valueName":"search_term_string"}}],"inLanguage":"fr-FR"},{"@type":"Organization","@id":"https:\/\/www.eventlounge.be\/nl\/#organization","name":"Eventlounge","url":"https:\/\/www.eventlounge.be\/nl\/","logo":{"@type":"ImageObject","inLanguage":"fr-FR","@id":"https:\/\/www.eventlounge.be\/nl\/#\/schema\/logo\/image\/","url":"https:\/\/www.eventlounge.be\/wp-content\/uploads\/2023\/12\/EVENTLOUNGE.png","contentUrl":"https:\/\/www.eventlounge.be\/wp-content\/uploads\/2023\/12\/EVENTLOUNGE.png","width":557,"height":441,"caption":"Eventlounge"},"image":{"@id":"https:\/\/www.eventlounge.be\/nl\/#\/schema\/logo\/image\/"},"sameAs":["https:\/\/www.facebook.com\/EventLoungeBEL\/","https:\/\/www.instagram.com\/eventloungebrussels\/","https:\/\/www.linkedin.com\/company\/the-event-lounge\/"]},{"@type":"Person","@id":"https:\/\/www.eventlounge.be\/nl\/#\/schema\/person\/2ad8c9b69076cd330a9993873e038262","name":"andreea","url":"https:\/\/www.eventlounge.be\/fr\/author\/andreea\/"}]}},"_links":{"self":[{"href":"https:\/\/www.eventlounge.be\/fr\/wp-json\/wp\/v2\/posts\/4827","targetHints":{"allow":["GET"]}}],"collection":[{"href":"https:\/\/www.eventlounge.be\/fr\/wp-json\/wp\/v2\/posts"}],"about":[{"href":"https:\/\/www.eventlounge.be\/fr\/wp-json\/wp\/v2\/types\/post"}],"author":[{"embeddable":true,"href":"https:\/\/www.eventlounge.be\/fr\/wp-json\/wp\/v2\/users\/5"}],"replies":[{"embeddable":true,"href":"https:\/\/www.eventlounge.be\/fr\/wp-json\/wp\/v2\/comments?post=4827"}],"version-history":[{"count":2,"href":"https:\/\/www.eventlounge.be\/fr\/wp-json\/wp\/v2\/posts\/4827\/revisions"}],"predecessor-version":[{"id":4835,"href":"https:\/\/www.eventlounge.be\/fr\/wp-json\/wp\/v2\/posts\/4827\/revisions\/4835"}],"wp:featuredmedia":[{"embeddable":true,"href":"https:\/\/www.eventlounge.be\/fr\/wp-json\/wp\/v2\/media\/4823"}],"wp:attachment":[{"href":"https:\/\/www.eventlounge.be\/fr\/wp-json\/wp\/v2\/media?parent=4827"}],"wp:term":[{"taxonomy":"category","embeddable":true,"href":"https:\/\/www.eventlounge.be\/fr\/wp-json\/wp\/v2\/categories?post=4827"},{"taxonomy":"post_tag","embeddable":true,"href":"https:\/\/www.eventlounge.be\/fr\/wp-json\/wp\/v2\/tags?post=4827"}],"curies":[{"name":"wp","href":"https:\/\/api.w.org\/{rel}","templated":true}]}}