{"id":5503,"date":"2025-12-14T18:40:45","date_gmt":"2025-12-14T18:40:45","guid":{"rendered":"https:\/\/www.eventlounge.be\/?p=5503"},"modified":"2025-12-15T10:25:08","modified_gmt":"2025-12-15T10:25:08","slug":"unir-les-forces-pour-faire-reculer-le-cancer","status":"publish","type":"post","link":"https:\/\/www.eventlounge.be\/fr\/unir-les-forces-pour-faire-reculer-le-cancer\/","title":{"rendered":"Unir les forces pour faire reculer le cancer."},"content":{"rendered":"<p>Chercheurs, donateurs, institutions et partenaires se sont r\u00e9unis autour d\u2019un m\u00eame objectif : battre le cancer ensemble. Avec son initiative <em>Beating Cancer Together<\/em>, la Fondation contre le Cancer r\u00e9affirme son engagement en investissant 35 millions d\u2019euros pour soutenir 68 projets de recherche \u00e0 travers toute la Belgique.<\/p>\n<p>Cet \u00e9v\u00e9nement a c\u00e9l\u00e9br\u00e9 bien plus que des chiffres. Il a mis \u00e0 l\u2019honneur la passion, la pers\u00e9v\u00e9rance et la collaboration de celles et ceux qui font avancer la science et l\u2019espoir.<\/p>\n<p>Les projets soutenus couvrent un large \u00e9ventail de th\u00e9matiques : les cancers rares comme le glioblastome p\u00e9diatrique ou les cancers pendant la grossesse, les cancers difficiles \u00e0 traiter tels que le pancr\u00e9as, les nouvelles approches th\u00e9rapeutiques en radioth\u00e9rapie et en immunoth\u00e9rapie, ainsi que les cancers les plus fr\u00e9quents comme ceux du poumon, du c\u00f4lon, du sein et de la prostate.<\/p>\n<p>Parmi les laur\u00e9ats, le professeur Benoit Van den Eynde (UCLouvain \u2013 de Duve Institute) se distingue pour ses recherches sur l\u2019immunoth\u00e9rapie et le microenvironnement tumoral. Le professeur Lars Vereecke (Universit\u00e9 de Gand \u2013 UGent) explore le r\u00f4le du microbiome dans le cancer colorectal. La docteure Laurence Buisseret (ULB \u2013 Institut Jules Bordet) concentre ses travaux sur le cancer du sein luminal B.<\/p>\n<p>Deux prix sp\u00e9ciaux ont \u00e9galement \u00e9t\u00e9 attribu\u00e9s \u00e0 la KU Leuven : le professeur Massimiliano Mazzone pour la recherche fondamentale sur le cancer du sein et le professeur Diether Lambrechts pour ses travaux translationnels et cliniques sur un futur vaccin contre le cancer du foie.<\/p>\n<p>Chaque projet raconte une histoire d\u2019innovation, de courage et d\u2019espoir. Et derri\u00e8re chaque avanc\u00e9e se trouvent la confiance et la g\u00e9n\u00e9rosit\u00e9 des donateurs qui rendent ces progr\u00e8s possibles.<\/p>\n<p>F\u00e9licitations \u00e0 toutes les \u00e9quipes laur\u00e9ates et merci \u00e0 ceux qui contribuent \u00e0 transformer la recherche en progr\u00e8s concret.<\/p>\n<p>D\u00e9couvrez les projets soutenus sur cancer.be\/beating-cancer-together-2025<\/p>\n<p>#BeatingCancerTogether #FoundationAgainstCancer #CancerResearch #Oncology #Immunotherapy #Radiotherapy #Belgium<\/p>\n","protected":false},"excerpt":{"rendered":"Chercheurs, donateurs, institutions et partenaires se sont r\u00e9unis autour d\u2019un m\u00eame objectif : battre le cancer ensemble. Avec son initiative Beating Cancer Together, la Fondation contre le Cancer r\u00e9affirme son engagement en investissant 35 millions d\u2019euros pour soutenir 68 projets de recherche \u00e0 travers toute la Belgique. Cet \u00e9v\u00e9nement a c\u00e9l\u00e9br\u00e9 bien plus que des","protected":false},"author":7,"featured_media":5487,"comment_status":"closed","ping_status":"closed","sticky":false,"template":"","format":"standard","meta":{"_acf_changed":false,"footnotes":""},"categories":[13],"tags":[],"class_list":["post-5503","post","type-post","status-publish","format-standard","has-post-thumbnail","hentry","category-evenements"],"acf":[],"yoast_head":"<!-- This site is optimized with the Yoast SEO plugin v26.9 - https:\/\/yoast.com\/product\/yoast-seo-wordpress\/ -->\n<title>Unir les forces pour faire reculer le cancer. - Eventlounge<\/title>\n<meta name=\"robots\" content=\"index, follow, max-snippet:-1, max-image-preview:large, max-video-preview:-1\" \/>\n<link rel=\"canonical\" href=\"https:\/\/www.eventlounge.be\/fr\/unir-les-forces-pour-faire-reculer-le-cancer\/\" \/>\n<meta property=\"og:locale\" content=\"fr_FR\" \/>\n<meta property=\"og:type\" content=\"article\" \/>\n<meta property=\"og:title\" content=\"Unir les forces pour faire reculer le cancer. - Eventlounge\" \/>\n<meta property=\"og:description\" content=\"Chercheurs, donateurs, institutions et partenaires se sont r\u00e9unis autour d\u2019un m\u00eame objectif : battre le cancer ensemble. Avec son initiative Beating Cancer Together, la Fondation contre le Cancer r\u00e9affirme son engagement en investissant 35 millions d\u2019euros pour soutenir 68 projets de recherche \u00e0 travers toute la Belgique. Cet \u00e9v\u00e9nement a c\u00e9l\u00e9br\u00e9 bien plus que des\" \/>\n<meta property=\"og:url\" content=\"https:\/\/www.eventlounge.be\/fr\/unir-les-forces-pour-faire-reculer-le-cancer\/\" \/>\n<meta property=\"og:site_name\" content=\"Eventlounge\" \/>\n<meta property=\"article:publisher\" content=\"https:\/\/www.facebook.com\/EventLoungeBEL\/\" \/>\n<meta property=\"article:published_time\" content=\"2025-12-14T18:40:45+00:00\" \/>\n<meta property=\"article:modified_time\" content=\"2025-12-15T10:25:08+00:00\" \/>\n<meta property=\"og:image\" content=\"https:\/\/www.eventlounge.be\/wp-content\/uploads\/2025\/12\/54813021333_f9ab324be1_o.webp\" \/>\n\t<meta property=\"og:image:width\" content=\"2048\" \/>\n\t<meta property=\"og:image:height\" content=\"1365\" \/>\n\t<meta property=\"og:image:type\" content=\"image\/jpeg\" \/>\n<meta name=\"author\" content=\"gilles\" \/>\n<meta name=\"twitter:card\" content=\"summary_large_image\" \/>\n<meta name=\"twitter:label1\" content=\"\u00c9crit par\" \/>\n\t<meta name=\"twitter:data1\" content=\"gilles\" \/>\n\t<meta name=\"twitter:label2\" content=\"Dur\u00e9e de lecture estim\u00e9e\" \/>\n\t<meta name=\"twitter:data2\" content=\"2 minutes\" \/>\n<script type=\"application\/ld+json\" class=\"yoast-schema-graph\">{\"@context\":\"https:\/\/schema.org\",\"@graph\":[{\"@type\":\"Article\",\"@id\":\"https:\/\/www.eventlounge.be\/fr\/unir-les-forces-pour-faire-reculer-le-cancer\/#article\",\"isPartOf\":{\"@id\":\"https:\/\/www.eventlounge.be\/fr\/unir-les-forces-pour-faire-reculer-le-cancer\/\"},\"author\":{\"name\":\"gilles\",\"@id\":\"https:\/\/www.eventlounge.be\/nl\/#\/schema\/person\/bda2e0a32f62ed44a7b19663b89d6f39\"},\"headline\":\"Unir les forces pour faire reculer le cancer.\",\"datePublished\":\"2025-12-14T18:40:45+00:00\",\"dateModified\":\"2025-12-15T10:25:08+00:00\",\"mainEntityOfPage\":{\"@id\":\"https:\/\/www.eventlounge.be\/fr\/unir-les-forces-pour-faire-reculer-le-cancer\/\"},\"wordCount\":338,\"publisher\":{\"@id\":\"https:\/\/www.eventlounge.be\/nl\/#organization\"},\"image\":{\"@id\":\"https:\/\/www.eventlounge.be\/fr\/unir-les-forces-pour-faire-reculer-le-cancer\/#primaryimage\"},\"thumbnailUrl\":\"https:\/\/www.eventlounge.be\/wp-content\/uploads\/2025\/12\/54813021333_f9ab324be1_o.webp\",\"articleSection\":[\"\u00c9v\u00e9nements\"],\"inLanguage\":\"fr-FR\"},{\"@type\":\"WebPage\",\"@id\":\"https:\/\/www.eventlounge.be\/fr\/unir-les-forces-pour-faire-reculer-le-cancer\/\",\"url\":\"https:\/\/www.eventlounge.be\/fr\/unir-les-forces-pour-faire-reculer-le-cancer\/\",\"name\":\"Unir les forces pour faire reculer le cancer. - Eventlounge\",\"isPartOf\":{\"@id\":\"https:\/\/www.eventlounge.be\/nl\/#website\"},\"primaryImageOfPage\":{\"@id\":\"https:\/\/www.eventlounge.be\/fr\/unir-les-forces-pour-faire-reculer-le-cancer\/#primaryimage\"},\"image\":{\"@id\":\"https:\/\/www.eventlounge.be\/fr\/unir-les-forces-pour-faire-reculer-le-cancer\/#primaryimage\"},\"thumbnailUrl\":\"https:\/\/www.eventlounge.be\/wp-content\/uploads\/2025\/12\/54813021333_f9ab324be1_o.webp\",\"datePublished\":\"2025-12-14T18:40:45+00:00\",\"dateModified\":\"2025-12-15T10:25:08+00:00\",\"breadcrumb\":{\"@id\":\"https:\/\/www.eventlounge.be\/fr\/unir-les-forces-pour-faire-reculer-le-cancer\/#breadcrumb\"},\"inLanguage\":\"fr-FR\",\"potentialAction\":[{\"@type\":\"ReadAction\",\"target\":[\"https:\/\/www.eventlounge.be\/fr\/unir-les-forces-pour-faire-reculer-le-cancer\/\"]}]},{\"@type\":\"ImageObject\",\"inLanguage\":\"fr-FR\",\"@id\":\"https:\/\/www.eventlounge.be\/fr\/unir-les-forces-pour-faire-reculer-le-cancer\/#primaryimage\",\"url\":\"https:\/\/www.eventlounge.be\/wp-content\/uploads\/2025\/12\/54813021333_f9ab324be1_o.webp\",\"contentUrl\":\"https:\/\/www.eventlounge.be\/wp-content\/uploads\/2025\/12\/54813021333_f9ab324be1_o.webp\",\"width\":2048,\"height\":1365,\"caption\":\"WWW.triptyque.be 0497 530 630\"},{\"@type\":\"BreadcrumbList\",\"@id\":\"https:\/\/www.eventlounge.be\/fr\/unir-les-forces-pour-faire-reculer-le-cancer\/#breadcrumb\",\"itemListElement\":[{\"@type\":\"ListItem\",\"position\":1,\"name\":\"Home\",\"item\":\"https:\/\/www.eventlounge.be\/fr\/\"},{\"@type\":\"ListItem\",\"position\":2,\"name\":\"Unir les forces pour faire reculer le cancer.\"}]},{\"@type\":\"WebSite\",\"@id\":\"https:\/\/www.eventlounge.be\/nl\/#website\",\"url\":\"https:\/\/www.eventlounge.be\/nl\/\",\"name\":\"Eventlounge\",\"description\":\"\",\"publisher\":{\"@id\":\"https:\/\/www.eventlounge.be\/nl\/#organization\"},\"potentialAction\":[{\"@type\":\"SearchAction\",\"target\":{\"@type\":\"EntryPoint\",\"urlTemplate\":\"https:\/\/www.eventlounge.be\/nl\/?s={search_term_string}\"},\"query-input\":{\"@type\":\"PropertyValueSpecification\",\"valueRequired\":true,\"valueName\":\"search_term_string\"}}],\"inLanguage\":\"fr-FR\"},{\"@type\":\"Organization\",\"@id\":\"https:\/\/www.eventlounge.be\/nl\/#organization\",\"name\":\"Eventlounge\",\"url\":\"https:\/\/www.eventlounge.be\/nl\/\",\"logo\":{\"@type\":\"ImageObject\",\"inLanguage\":\"fr-FR\",\"@id\":\"https:\/\/www.eventlounge.be\/nl\/#\/schema\/logo\/image\/\",\"url\":\"https:\/\/www.eventlounge.be\/wp-content\/uploads\/2023\/12\/EVENTLOUNGE.png\",\"contentUrl\":\"https:\/\/www.eventlounge.be\/wp-content\/uploads\/2023\/12\/EVENTLOUNGE.png\",\"width\":557,\"height\":441,\"caption\":\"Eventlounge\"},\"image\":{\"@id\":\"https:\/\/www.eventlounge.be\/nl\/#\/schema\/logo\/image\/\"},\"sameAs\":[\"https:\/\/www.facebook.com\/EventLoungeBEL\/\",\"https:\/\/www.instagram.com\/eventloungebrussels\/\",\"https:\/\/www.linkedin.com\/company\/the-event-lounge\/\"]},{\"@type\":\"Person\",\"@id\":\"https:\/\/www.eventlounge.be\/nl\/#\/schema\/person\/bda2e0a32f62ed44a7b19663b89d6f39\",\"name\":\"gilles\",\"url\":\"https:\/\/www.eventlounge.be\/fr\/author\/gilles\/\"}]}<\/script>\n<!-- \/ Yoast SEO plugin. -->","yoast_head_json":{"title":"Unir les forces pour faire reculer le cancer. - Eventlounge","robots":{"index":"index","follow":"follow","max-snippet":"max-snippet:-1","max-image-preview":"max-image-preview:large","max-video-preview":"max-video-preview:-1"},"canonical":"https:\/\/www.eventlounge.be\/fr\/unir-les-forces-pour-faire-reculer-le-cancer\/","og_locale":"fr_FR","og_type":"article","og_title":"Unir les forces pour faire reculer le cancer. - Eventlounge","og_description":"Chercheurs, donateurs, institutions et partenaires se sont r\u00e9unis autour d\u2019un m\u00eame objectif : battre le cancer ensemble. Avec son initiative Beating Cancer Together, la Fondation contre le Cancer r\u00e9affirme son engagement en investissant 35 millions d\u2019euros pour soutenir 68 projets de recherche \u00e0 travers toute la Belgique. Cet \u00e9v\u00e9nement a c\u00e9l\u00e9br\u00e9 bien plus que des","og_url":"https:\/\/www.eventlounge.be\/fr\/unir-les-forces-pour-faire-reculer-le-cancer\/","og_site_name":"Eventlounge","article_publisher":"https:\/\/www.facebook.com\/EventLoungeBEL\/","article_published_time":"2025-12-14T18:40:45+00:00","article_modified_time":"2025-12-15T10:25:08+00:00","og_image":[{"width":2048,"height":1365,"url":"https:\/\/www.eventlounge.be\/wp-content\/uploads\/2025\/12\/54813021333_f9ab324be1_o.webp","type":"image\/jpeg"}],"author":"gilles","twitter_card":"summary_large_image","twitter_misc":{"\u00c9crit par":"gilles","Dur\u00e9e de lecture estim\u00e9e":"2 minutes"},"schema":{"@context":"https:\/\/schema.org","@graph":[{"@type":"Article","@id":"https:\/\/www.eventlounge.be\/fr\/unir-les-forces-pour-faire-reculer-le-cancer\/#article","isPartOf":{"@id":"https:\/\/www.eventlounge.be\/fr\/unir-les-forces-pour-faire-reculer-le-cancer\/"},"author":{"name":"gilles","@id":"https:\/\/www.eventlounge.be\/nl\/#\/schema\/person\/bda2e0a32f62ed44a7b19663b89d6f39"},"headline":"Unir les forces pour faire reculer le cancer.","datePublished":"2025-12-14T18:40:45+00:00","dateModified":"2025-12-15T10:25:08+00:00","mainEntityOfPage":{"@id":"https:\/\/www.eventlounge.be\/fr\/unir-les-forces-pour-faire-reculer-le-cancer\/"},"wordCount":338,"publisher":{"@id":"https:\/\/www.eventlounge.be\/nl\/#organization"},"image":{"@id":"https:\/\/www.eventlounge.be\/fr\/unir-les-forces-pour-faire-reculer-le-cancer\/#primaryimage"},"thumbnailUrl":"https:\/\/www.eventlounge.be\/wp-content\/uploads\/2025\/12\/54813021333_f9ab324be1_o.webp","articleSection":["\u00c9v\u00e9nements"],"inLanguage":"fr-FR"},{"@type":"WebPage","@id":"https:\/\/www.eventlounge.be\/fr\/unir-les-forces-pour-faire-reculer-le-cancer\/","url":"https:\/\/www.eventlounge.be\/fr\/unir-les-forces-pour-faire-reculer-le-cancer\/","name":"Unir les forces pour faire reculer le cancer. - Eventlounge","isPartOf":{"@id":"https:\/\/www.eventlounge.be\/nl\/#website"},"primaryImageOfPage":{"@id":"https:\/\/www.eventlounge.be\/fr\/unir-les-forces-pour-faire-reculer-le-cancer\/#primaryimage"},"image":{"@id":"https:\/\/www.eventlounge.be\/fr\/unir-les-forces-pour-faire-reculer-le-cancer\/#primaryimage"},"thumbnailUrl":"https:\/\/www.eventlounge.be\/wp-content\/uploads\/2025\/12\/54813021333_f9ab324be1_o.webp","datePublished":"2025-12-14T18:40:45+00:00","dateModified":"2025-12-15T10:25:08+00:00","breadcrumb":{"@id":"https:\/\/www.eventlounge.be\/fr\/unir-les-forces-pour-faire-reculer-le-cancer\/#breadcrumb"},"inLanguage":"fr-FR","potentialAction":[{"@type":"ReadAction","target":["https:\/\/www.eventlounge.be\/fr\/unir-les-forces-pour-faire-reculer-le-cancer\/"]}]},{"@type":"ImageObject","inLanguage":"fr-FR","@id":"https:\/\/www.eventlounge.be\/fr\/unir-les-forces-pour-faire-reculer-le-cancer\/#primaryimage","url":"https:\/\/www.eventlounge.be\/wp-content\/uploads\/2025\/12\/54813021333_f9ab324be1_o.webp","contentUrl":"https:\/\/www.eventlounge.be\/wp-content\/uploads\/2025\/12\/54813021333_f9ab324be1_o.webp","width":2048,"height":1365,"caption":"WWW.triptyque.be 0497 530 630"},{"@type":"BreadcrumbList","@id":"https:\/\/www.eventlounge.be\/fr\/unir-les-forces-pour-faire-reculer-le-cancer\/#breadcrumb","itemListElement":[{"@type":"ListItem","position":1,"name":"Home","item":"https:\/\/www.eventlounge.be\/fr\/"},{"@type":"ListItem","position":2,"name":"Unir les forces pour faire reculer le cancer."}]},{"@type":"WebSite","@id":"https:\/\/www.eventlounge.be\/nl\/#website","url":"https:\/\/www.eventlounge.be\/nl\/","name":"Eventlounge","description":"","publisher":{"@id":"https:\/\/www.eventlounge.be\/nl\/#organization"},"potentialAction":[{"@type":"SearchAction","target":{"@type":"EntryPoint","urlTemplate":"https:\/\/www.eventlounge.be\/nl\/?s={search_term_string}"},"query-input":{"@type":"PropertyValueSpecification","valueRequired":true,"valueName":"search_term_string"}}],"inLanguage":"fr-FR"},{"@type":"Organization","@id":"https:\/\/www.eventlounge.be\/nl\/#organization","name":"Eventlounge","url":"https:\/\/www.eventlounge.be\/nl\/","logo":{"@type":"ImageObject","inLanguage":"fr-FR","@id":"https:\/\/www.eventlounge.be\/nl\/#\/schema\/logo\/image\/","url":"https:\/\/www.eventlounge.be\/wp-content\/uploads\/2023\/12\/EVENTLOUNGE.png","contentUrl":"https:\/\/www.eventlounge.be\/wp-content\/uploads\/2023\/12\/EVENTLOUNGE.png","width":557,"height":441,"caption":"Eventlounge"},"image":{"@id":"https:\/\/www.eventlounge.be\/nl\/#\/schema\/logo\/image\/"},"sameAs":["https:\/\/www.facebook.com\/EventLoungeBEL\/","https:\/\/www.instagram.com\/eventloungebrussels\/","https:\/\/www.linkedin.com\/company\/the-event-lounge\/"]},{"@type":"Person","@id":"https:\/\/www.eventlounge.be\/nl\/#\/schema\/person\/bda2e0a32f62ed44a7b19663b89d6f39","name":"gilles","url":"https:\/\/www.eventlounge.be\/fr\/author\/gilles\/"}]}},"_links":{"self":[{"href":"https:\/\/www.eventlounge.be\/fr\/wp-json\/wp\/v2\/posts\/5503","targetHints":{"allow":["GET"]}}],"collection":[{"href":"https:\/\/www.eventlounge.be\/fr\/wp-json\/wp\/v2\/posts"}],"about":[{"href":"https:\/\/www.eventlounge.be\/fr\/wp-json\/wp\/v2\/types\/post"}],"author":[{"embeddable":true,"href":"https:\/\/www.eventlounge.be\/fr\/wp-json\/wp\/v2\/users\/7"}],"replies":[{"embeddable":true,"href":"https:\/\/www.eventlounge.be\/fr\/wp-json\/wp\/v2\/comments?post=5503"}],"version-history":[{"count":3,"href":"https:\/\/www.eventlounge.be\/fr\/wp-json\/wp\/v2\/posts\/5503\/revisions"}],"predecessor-version":[{"id":5518,"href":"https:\/\/www.eventlounge.be\/fr\/wp-json\/wp\/v2\/posts\/5503\/revisions\/5518"}],"wp:featuredmedia":[{"embeddable":true,"href":"https:\/\/www.eventlounge.be\/fr\/wp-json\/wp\/v2\/media\/5487"}],"wp:attachment":[{"href":"https:\/\/www.eventlounge.be\/fr\/wp-json\/wp\/v2\/media?parent=5503"}],"wp:term":[{"taxonomy":"category","embeddable":true,"href":"https:\/\/www.eventlounge.be\/fr\/wp-json\/wp\/v2\/categories?post=5503"},{"taxonomy":"post_tag","embeddable":true,"href":"https:\/\/www.eventlounge.be\/fr\/wp-json\/wp\/v2\/tags?post=5503"}],"curies":[{"name":"wp","href":"https:\/\/api.w.org\/{rel}","templated":true}]}}