{"id":5513,"date":"2025-12-14T18:52:28","date_gmt":"2025-12-14T18:52:28","guid":{"rendered":"https:\/\/www.eventlounge.be\/?p=5513"},"modified":"2025-12-16T09:39:07","modified_gmt":"2025-12-16T09:39:07","slug":"une-soiree-rallye-aux-couleurs-de-la-chine-a-levent-lounge","status":"publish","type":"post","link":"https:\/\/www.eventlounge.be\/fr\/une-soiree-rallye-aux-couleurs-de-la-chine-a-levent-lounge\/","title":{"rendered":"Une soir\u00e9e rallye aux couleurs de la Chine \u00e0 l\u2019Event Lounge."},"content":{"rendered":"<p>L\u2019Event Lounge a r\u00e9cemment accueilli une soir\u00e9e rallye rassemblant pr\u00e8s de 450 jeunes adultes \u00e2g\u00e9s de 20 \u00e0 25 ans, pour une exp\u00e9rience immersive plac\u00e9e sous le signe de la Chine.<\/p>\n<p>Cet \u00e9v\u00e9nement d\u2019envergure, organis\u00e9 par l\u2019agence Eventives, a mis en valeur toute la polyvalence et l\u2019\u00e9l\u00e9gance du lieu. Sous la direction artistique d\u2019Isabelle Theunis et de son \u00e9quipe chez <em>IDEO<\/em>, l\u2019espace a \u00e9t\u00e9 enti\u00e8rement repens\u00e9 pour offrir un d\u00e9cor inspir\u00e9 de la culture chinoise : lanternes rouges, symboles traditionnels et touches dor\u00e9es raffin\u00e9es composaient un univers \u00e0 la fois spectaculaire et harmonieux.<\/p>\n<p><iframe loading=\"lazy\" title=\"A Rallye Evening with a Chinese Touch at Event Lounge.\" width=\"1778\" height=\"1000\" src=\"https:\/\/www.youtube.com\/embed\/cjkzG5fuHks?feature=oembed\" frameborder=\"0\" allow=\"accelerometer; autoplay; clipboard-write; encrypted-media; gyroscope; picture-in-picture; web-share\" referrerpolicy=\"strict-origin-when-cross-origin\" allowfullscreen><\/iframe><\/p>\n<p>Le traiteur L\u00e9onard a sublim\u00e9 la soir\u00e9e avec un menu aux saveurs asiatiques soigneusement \u00e9labor\u00e9 :<\/p>\n<ul>\n<li>en entr\u00e9e, un tartare de gambas aux noix de cajou, algues wakame, mayonnaise au soja et wasabi, accompagn\u00e9 de caviar de hareng et de nori frit ;<\/li>\n<li>en plat principal, un \u00e9minc\u00e9 de veau sauce soja accompagn\u00e9 de pak cho\u00ef, champignons eryngii po\u00eal\u00e9s et de nouilles et riz saut\u00e9s aux l\u00e9gumes ;<\/li>\n<li>et pour conclure, un assortiment de douceurs accompagn\u00e9 d\u2019un shot de sak\u00e9 au yuzu.<\/li>\n<\/ul>\n<p>Les invit\u00e9s ont prolong\u00e9 la soir\u00e9e sur la piste de danse, dans une ambiance festive et \u00e9l\u00e9gante m\u00ealant convivialit\u00e9 et raffinement.<\/p>\n<p>Cet \u00e9v\u00e9nement illustre parfaitement la capacit\u00e9 de l\u2019Event Lounge \u00e0 accueillir des soir\u00e9es priv\u00e9es d\u2019envergure comme des \u00e9v\u00e9nements corporate, en collaboration avec les meilleurs partenaires du secteur, dans un cadre modulable et toujours inspirant.<\/p>\n<p>#EventLounge #Rallye #Soir\u00e9ePriv\u00e9e #BrusselsEvents #Eventives #IDEO #IsabelleTheunis #TraiteurLeonard #EventDesign #Chine #ThemedEvent<\/p>\n<p>&nbsp;<\/p>\n","protected":false},"excerpt":{"rendered":"L\u2019Event Lounge a r\u00e9cemment accueilli une soir\u00e9e rallye rassemblant pr\u00e8s de 450 jeunes adultes \u00e2g\u00e9s de 20 \u00e0 25 ans, pour une exp\u00e9rience immersive plac\u00e9e sous le signe de la Chine. Cet \u00e9v\u00e9nement d\u2019envergure, organis\u00e9 par l\u2019agence Eventives, a mis en valeur toute la polyvalence et l\u2019\u00e9l\u00e9gance du lieu. Sous la direction artistique d\u2019Isabelle Theunis","protected":false},"author":7,"featured_media":5506,"comment_status":"closed","ping_status":"closed","sticky":false,"template":"","format":"video","meta":{"_acf_changed":false,"footnotes":""},"categories":[13],"tags":[],"class_list":["post-5513","post","type-post","status-publish","format-video","has-post-thumbnail","hentry","category-evenements","post_format-post-format-video"],"acf":[],"yoast_head":"<!-- This site is optimized with the Yoast SEO plugin v26.9 - https:\/\/yoast.com\/product\/yoast-seo-wordpress\/ -->\n<title>Une soir\u00e9e rallye aux couleurs de la Chine \u00e0 l\u2019Event Lounge. - Eventlounge<\/title>\n<meta name=\"robots\" content=\"index, follow, max-snippet:-1, max-image-preview:large, max-video-preview:-1\" \/>\n<link rel=\"canonical\" href=\"https:\/\/www.eventlounge.be\/fr\/une-soiree-rallye-aux-couleurs-de-la-chine-a-levent-lounge\/\" \/>\n<meta property=\"og:locale\" content=\"fr_FR\" \/>\n<meta property=\"og:type\" content=\"article\" \/>\n<meta property=\"og:title\" content=\"Une soir\u00e9e rallye aux couleurs de la Chine \u00e0 l\u2019Event Lounge. - Eventlounge\" \/>\n<meta property=\"og:description\" content=\"L\u2019Event Lounge a r\u00e9cemment accueilli une soir\u00e9e rallye rassemblant pr\u00e8s de 450 jeunes adultes \u00e2g\u00e9s de 20 \u00e0 25 ans, pour une exp\u00e9rience immersive plac\u00e9e sous le signe de la Chine. Cet \u00e9v\u00e9nement d\u2019envergure, organis\u00e9 par l\u2019agence Eventives, a mis en valeur toute la polyvalence et l\u2019\u00e9l\u00e9gance du lieu. Sous la direction artistique d\u2019Isabelle Theunis\" \/>\n<meta property=\"og:url\" content=\"https:\/\/www.eventlounge.be\/fr\/une-soiree-rallye-aux-couleurs-de-la-chine-a-levent-lounge\/\" \/>\n<meta property=\"og:site_name\" content=\"Eventlounge\" \/>\n<meta property=\"article:publisher\" content=\"https:\/\/www.facebook.com\/EventLoungeBEL\/\" \/>\n<meta property=\"article:published_time\" content=\"2025-12-14T18:52:28+00:00\" \/>\n<meta property=\"article:modified_time\" content=\"2025-12-16T09:39:07+00:00\" \/>\n<meta property=\"og:image\" content=\"https:\/\/www.eventlounge.be\/wp-content\/uploads\/2025\/12\/273-LaNuitduDragon2025-scaled.webp\" \/>\n\t<meta property=\"og:image:width\" content=\"2560\" \/>\n\t<meta property=\"og:image:height\" content=\"1703\" \/>\n\t<meta property=\"og:image:type\" content=\"image\/jpeg\" \/>\n<meta name=\"author\" content=\"gilles\" \/>\n<meta name=\"twitter:card\" content=\"summary_large_image\" \/>\n<meta name=\"twitter:label1\" content=\"\u00c9crit par\" \/>\n\t<meta name=\"twitter:data1\" content=\"gilles\" \/>\n\t<meta name=\"twitter:label2\" content=\"Dur\u00e9e de lecture estim\u00e9e\" \/>\n\t<meta name=\"twitter:data2\" content=\"2 minutes\" \/>\n<script type=\"application\/ld+json\" class=\"yoast-schema-graph\">{\"@context\":\"https:\/\/schema.org\",\"@graph\":[{\"@type\":\"Article\",\"@id\":\"https:\/\/www.eventlounge.be\/fr\/une-soiree-rallye-aux-couleurs-de-la-chine-a-levent-lounge\/#article\",\"isPartOf\":{\"@id\":\"https:\/\/www.eventlounge.be\/fr\/une-soiree-rallye-aux-couleurs-de-la-chine-a-levent-lounge\/\"},\"author\":{\"name\":\"gilles\",\"@id\":\"https:\/\/www.eventlounge.be\/nl\/#\/schema\/person\/bda2e0a32f62ed44a7b19663b89d6f39\"},\"headline\":\"Une soir\u00e9e rallye aux couleurs de la Chine \u00e0 l\u2019Event Lounge.\",\"datePublished\":\"2025-12-14T18:52:28+00:00\",\"dateModified\":\"2025-12-16T09:39:07+00:00\",\"mainEntityOfPage\":{\"@id\":\"https:\/\/www.eventlounge.be\/fr\/une-soiree-rallye-aux-couleurs-de-la-chine-a-levent-lounge\/\"},\"wordCount\":287,\"publisher\":{\"@id\":\"https:\/\/www.eventlounge.be\/nl\/#organization\"},\"image\":{\"@id\":\"https:\/\/www.eventlounge.be\/fr\/une-soiree-rallye-aux-couleurs-de-la-chine-a-levent-lounge\/#primaryimage\"},\"thumbnailUrl\":\"https:\/\/www.eventlounge.be\/wp-content\/uploads\/2025\/12\/273-LaNuitduDragon2025-scaled.webp\",\"articleSection\":[\"\u00c9v\u00e9nements\"],\"inLanguage\":\"fr-FR\"},{\"@type\":\"WebPage\",\"@id\":\"https:\/\/www.eventlounge.be\/fr\/une-soiree-rallye-aux-couleurs-de-la-chine-a-levent-lounge\/\",\"url\":\"https:\/\/www.eventlounge.be\/fr\/une-soiree-rallye-aux-couleurs-de-la-chine-a-levent-lounge\/\",\"name\":\"Une soir\u00e9e rallye aux couleurs de la Chine \u00e0 l\u2019Event Lounge. - Eventlounge\",\"isPartOf\":{\"@id\":\"https:\/\/www.eventlounge.be\/nl\/#website\"},\"primaryImageOfPage\":{\"@id\":\"https:\/\/www.eventlounge.be\/fr\/une-soiree-rallye-aux-couleurs-de-la-chine-a-levent-lounge\/#primaryimage\"},\"image\":{\"@id\":\"https:\/\/www.eventlounge.be\/fr\/une-soiree-rallye-aux-couleurs-de-la-chine-a-levent-lounge\/#primaryimage\"},\"thumbnailUrl\":\"https:\/\/www.eventlounge.be\/wp-content\/uploads\/2025\/12\/273-LaNuitduDragon2025-scaled.webp\",\"datePublished\":\"2025-12-14T18:52:28+00:00\",\"dateModified\":\"2025-12-16T09:39:07+00:00\",\"breadcrumb\":{\"@id\":\"https:\/\/www.eventlounge.be\/fr\/une-soiree-rallye-aux-couleurs-de-la-chine-a-levent-lounge\/#breadcrumb\"},\"inLanguage\":\"fr-FR\",\"potentialAction\":[{\"@type\":\"ReadAction\",\"target\":[\"https:\/\/www.eventlounge.be\/fr\/une-soiree-rallye-aux-couleurs-de-la-chine-a-levent-lounge\/\"]}]},{\"@type\":\"ImageObject\",\"inLanguage\":\"fr-FR\",\"@id\":\"https:\/\/www.eventlounge.be\/fr\/une-soiree-rallye-aux-couleurs-de-la-chine-a-levent-lounge\/#primaryimage\",\"url\":\"https:\/\/www.eventlounge.be\/wp-content\/uploads\/2025\/12\/273-LaNuitduDragon2025-scaled.webp\",\"contentUrl\":\"https:\/\/www.eventlounge.be\/wp-content\/uploads\/2025\/12\/273-LaNuitduDragon2025-scaled.webp\",\"width\":2560,\"height\":1703},{\"@type\":\"BreadcrumbList\",\"@id\":\"https:\/\/www.eventlounge.be\/fr\/une-soiree-rallye-aux-couleurs-de-la-chine-a-levent-lounge\/#breadcrumb\",\"itemListElement\":[{\"@type\":\"ListItem\",\"position\":1,\"name\":\"Home\",\"item\":\"https:\/\/www.eventlounge.be\/fr\/\"},{\"@type\":\"ListItem\",\"position\":2,\"name\":\"Une soir\u00e9e rallye aux couleurs de la Chine \u00e0 l\u2019Event Lounge.\"}]},{\"@type\":\"WebSite\",\"@id\":\"https:\/\/www.eventlounge.be\/nl\/#website\",\"url\":\"https:\/\/www.eventlounge.be\/nl\/\",\"name\":\"Eventlounge\",\"description\":\"\",\"publisher\":{\"@id\":\"https:\/\/www.eventlounge.be\/nl\/#organization\"},\"potentialAction\":[{\"@type\":\"SearchAction\",\"target\":{\"@type\":\"EntryPoint\",\"urlTemplate\":\"https:\/\/www.eventlounge.be\/nl\/?s={search_term_string}\"},\"query-input\":{\"@type\":\"PropertyValueSpecification\",\"valueRequired\":true,\"valueName\":\"search_term_string\"}}],\"inLanguage\":\"fr-FR\"},{\"@type\":\"Organization\",\"@id\":\"https:\/\/www.eventlounge.be\/nl\/#organization\",\"name\":\"Eventlounge\",\"url\":\"https:\/\/www.eventlounge.be\/nl\/\",\"logo\":{\"@type\":\"ImageObject\",\"inLanguage\":\"fr-FR\",\"@id\":\"https:\/\/www.eventlounge.be\/nl\/#\/schema\/logo\/image\/\",\"url\":\"https:\/\/www.eventlounge.be\/wp-content\/uploads\/2023\/12\/EVENTLOUNGE.png\",\"contentUrl\":\"https:\/\/www.eventlounge.be\/wp-content\/uploads\/2023\/12\/EVENTLOUNGE.png\",\"width\":557,\"height\":441,\"caption\":\"Eventlounge\"},\"image\":{\"@id\":\"https:\/\/www.eventlounge.be\/nl\/#\/schema\/logo\/image\/\"},\"sameAs\":[\"https:\/\/www.facebook.com\/EventLoungeBEL\/\",\"https:\/\/www.instagram.com\/eventloungebrussels\/\",\"https:\/\/www.linkedin.com\/company\/the-event-lounge\/\"]},{\"@type\":\"Person\",\"@id\":\"https:\/\/www.eventlounge.be\/nl\/#\/schema\/person\/bda2e0a32f62ed44a7b19663b89d6f39\",\"name\":\"gilles\",\"url\":\"https:\/\/www.eventlounge.be\/fr\/author\/gilles\/\"}]}<\/script>\n<!-- \/ Yoast SEO plugin. -->","yoast_head_json":{"title":"Une soir\u00e9e rallye aux couleurs de la Chine \u00e0 l\u2019Event Lounge. - Eventlounge","robots":{"index":"index","follow":"follow","max-snippet":"max-snippet:-1","max-image-preview":"max-image-preview:large","max-video-preview":"max-video-preview:-1"},"canonical":"https:\/\/www.eventlounge.be\/fr\/une-soiree-rallye-aux-couleurs-de-la-chine-a-levent-lounge\/","og_locale":"fr_FR","og_type":"article","og_title":"Une soir\u00e9e rallye aux couleurs de la Chine \u00e0 l\u2019Event Lounge. - Eventlounge","og_description":"L\u2019Event Lounge a r\u00e9cemment accueilli une soir\u00e9e rallye rassemblant pr\u00e8s de 450 jeunes adultes \u00e2g\u00e9s de 20 \u00e0 25 ans, pour une exp\u00e9rience immersive plac\u00e9e sous le signe de la Chine. Cet \u00e9v\u00e9nement d\u2019envergure, organis\u00e9 par l\u2019agence Eventives, a mis en valeur toute la polyvalence et l\u2019\u00e9l\u00e9gance du lieu. Sous la direction artistique d\u2019Isabelle Theunis","og_url":"https:\/\/www.eventlounge.be\/fr\/une-soiree-rallye-aux-couleurs-de-la-chine-a-levent-lounge\/","og_site_name":"Eventlounge","article_publisher":"https:\/\/www.facebook.com\/EventLoungeBEL\/","article_published_time":"2025-12-14T18:52:28+00:00","article_modified_time":"2025-12-16T09:39:07+00:00","og_image":[{"width":2560,"height":1703,"url":"https:\/\/www.eventlounge.be\/wp-content\/uploads\/2025\/12\/273-LaNuitduDragon2025-scaled.webp","type":"image\/jpeg"}],"author":"gilles","twitter_card":"summary_large_image","twitter_misc":{"\u00c9crit par":"gilles","Dur\u00e9e de lecture estim\u00e9e":"2 minutes"},"schema":{"@context":"https:\/\/schema.org","@graph":[{"@type":"Article","@id":"https:\/\/www.eventlounge.be\/fr\/une-soiree-rallye-aux-couleurs-de-la-chine-a-levent-lounge\/#article","isPartOf":{"@id":"https:\/\/www.eventlounge.be\/fr\/une-soiree-rallye-aux-couleurs-de-la-chine-a-levent-lounge\/"},"author":{"name":"gilles","@id":"https:\/\/www.eventlounge.be\/nl\/#\/schema\/person\/bda2e0a32f62ed44a7b19663b89d6f39"},"headline":"Une soir\u00e9e rallye aux couleurs de la Chine \u00e0 l\u2019Event Lounge.","datePublished":"2025-12-14T18:52:28+00:00","dateModified":"2025-12-16T09:39:07+00:00","mainEntityOfPage":{"@id":"https:\/\/www.eventlounge.be\/fr\/une-soiree-rallye-aux-couleurs-de-la-chine-a-levent-lounge\/"},"wordCount":287,"publisher":{"@id":"https:\/\/www.eventlounge.be\/nl\/#organization"},"image":{"@id":"https:\/\/www.eventlounge.be\/fr\/une-soiree-rallye-aux-couleurs-de-la-chine-a-levent-lounge\/#primaryimage"},"thumbnailUrl":"https:\/\/www.eventlounge.be\/wp-content\/uploads\/2025\/12\/273-LaNuitduDragon2025-scaled.webp","articleSection":["\u00c9v\u00e9nements"],"inLanguage":"fr-FR"},{"@type":"WebPage","@id":"https:\/\/www.eventlounge.be\/fr\/une-soiree-rallye-aux-couleurs-de-la-chine-a-levent-lounge\/","url":"https:\/\/www.eventlounge.be\/fr\/une-soiree-rallye-aux-couleurs-de-la-chine-a-levent-lounge\/","name":"Une soir\u00e9e rallye aux couleurs de la Chine \u00e0 l\u2019Event Lounge. - Eventlounge","isPartOf":{"@id":"https:\/\/www.eventlounge.be\/nl\/#website"},"primaryImageOfPage":{"@id":"https:\/\/www.eventlounge.be\/fr\/une-soiree-rallye-aux-couleurs-de-la-chine-a-levent-lounge\/#primaryimage"},"image":{"@id":"https:\/\/www.eventlounge.be\/fr\/une-soiree-rallye-aux-couleurs-de-la-chine-a-levent-lounge\/#primaryimage"},"thumbnailUrl":"https:\/\/www.eventlounge.be\/wp-content\/uploads\/2025\/12\/273-LaNuitduDragon2025-scaled.webp","datePublished":"2025-12-14T18:52:28+00:00","dateModified":"2025-12-16T09:39:07+00:00","breadcrumb":{"@id":"https:\/\/www.eventlounge.be\/fr\/une-soiree-rallye-aux-couleurs-de-la-chine-a-levent-lounge\/#breadcrumb"},"inLanguage":"fr-FR","potentialAction":[{"@type":"ReadAction","target":["https:\/\/www.eventlounge.be\/fr\/une-soiree-rallye-aux-couleurs-de-la-chine-a-levent-lounge\/"]}]},{"@type":"ImageObject","inLanguage":"fr-FR","@id":"https:\/\/www.eventlounge.be\/fr\/une-soiree-rallye-aux-couleurs-de-la-chine-a-levent-lounge\/#primaryimage","url":"https:\/\/www.eventlounge.be\/wp-content\/uploads\/2025\/12\/273-LaNuitduDragon2025-scaled.webp","contentUrl":"https:\/\/www.eventlounge.be\/wp-content\/uploads\/2025\/12\/273-LaNuitduDragon2025-scaled.webp","width":2560,"height":1703},{"@type":"BreadcrumbList","@id":"https:\/\/www.eventlounge.be\/fr\/une-soiree-rallye-aux-couleurs-de-la-chine-a-levent-lounge\/#breadcrumb","itemListElement":[{"@type":"ListItem","position":1,"name":"Home","item":"https:\/\/www.eventlounge.be\/fr\/"},{"@type":"ListItem","position":2,"name":"Une soir\u00e9e rallye aux couleurs de la Chine \u00e0 l\u2019Event Lounge."}]},{"@type":"WebSite","@id":"https:\/\/www.eventlounge.be\/nl\/#website","url":"https:\/\/www.eventlounge.be\/nl\/","name":"Eventlounge","description":"","publisher":{"@id":"https:\/\/www.eventlounge.be\/nl\/#organization"},"potentialAction":[{"@type":"SearchAction","target":{"@type":"EntryPoint","urlTemplate":"https:\/\/www.eventlounge.be\/nl\/?s={search_term_string}"},"query-input":{"@type":"PropertyValueSpecification","valueRequired":true,"valueName":"search_term_string"}}],"inLanguage":"fr-FR"},{"@type":"Organization","@id":"https:\/\/www.eventlounge.be\/nl\/#organization","name":"Eventlounge","url":"https:\/\/www.eventlounge.be\/nl\/","logo":{"@type":"ImageObject","inLanguage":"fr-FR","@id":"https:\/\/www.eventlounge.be\/nl\/#\/schema\/logo\/image\/","url":"https:\/\/www.eventlounge.be\/wp-content\/uploads\/2023\/12\/EVENTLOUNGE.png","contentUrl":"https:\/\/www.eventlounge.be\/wp-content\/uploads\/2023\/12\/EVENTLOUNGE.png","width":557,"height":441,"caption":"Eventlounge"},"image":{"@id":"https:\/\/www.eventlounge.be\/nl\/#\/schema\/logo\/image\/"},"sameAs":["https:\/\/www.facebook.com\/EventLoungeBEL\/","https:\/\/www.instagram.com\/eventloungebrussels\/","https:\/\/www.linkedin.com\/company\/the-event-lounge\/"]},{"@type":"Person","@id":"https:\/\/www.eventlounge.be\/nl\/#\/schema\/person\/bda2e0a32f62ed44a7b19663b89d6f39","name":"gilles","url":"https:\/\/www.eventlounge.be\/fr\/author\/gilles\/"}]}},"_links":{"self":[{"href":"https:\/\/www.eventlounge.be\/fr\/wp-json\/wp\/v2\/posts\/5513","targetHints":{"allow":["GET"]}}],"collection":[{"href":"https:\/\/www.eventlounge.be\/fr\/wp-json\/wp\/v2\/posts"}],"about":[{"href":"https:\/\/www.eventlounge.be\/fr\/wp-json\/wp\/v2\/types\/post"}],"author":[{"embeddable":true,"href":"https:\/\/www.eventlounge.be\/fr\/wp-json\/wp\/v2\/users\/7"}],"replies":[{"embeddable":true,"href":"https:\/\/www.eventlounge.be\/fr\/wp-json\/wp\/v2\/comments?post=5513"}],"version-history":[{"count":1,"href":"https:\/\/www.eventlounge.be\/fr\/wp-json\/wp\/v2\/posts\/5513\/revisions"}],"predecessor-version":[{"id":5514,"href":"https:\/\/www.eventlounge.be\/fr\/wp-json\/wp\/v2\/posts\/5513\/revisions\/5514"}],"wp:featuredmedia":[{"embeddable":true,"href":"https:\/\/www.eventlounge.be\/fr\/wp-json\/wp\/v2\/media\/5506"}],"wp:attachment":[{"href":"https:\/\/www.eventlounge.be\/fr\/wp-json\/wp\/v2\/media?parent=5513"}],"wp:term":[{"taxonomy":"category","embeddable":true,"href":"https:\/\/www.eventlounge.be\/fr\/wp-json\/wp\/v2\/categories?post=5513"},{"taxonomy":"post_tag","embeddable":true,"href":"https:\/\/www.eventlounge.be\/fr\/wp-json\/wp\/v2\/tags?post=5513"}],"curies":[{"name":"wp","href":"https:\/\/api.w.org\/{rel}","templated":true}]}}